[{"@context":"https:\/\/schema.org\/","@type":"Article","@id":"https:\/\/www.knupp.cz\/styl-interieru\/#Article","mainEntityOfPage":"https:\/\/www.knupp.cz\/styl-interieru\/","headline":"Styl interi\u00e9ru","name":"Styl interi\u00e9ru","description":"Tak\u00e9 jste u\u017e n\u011bkdy p\u0159em\u00fd\u0161leli, \u017ee abyste si nechali p\u0159ed\u011blat va\u0161e obydl\u00ed? J\u00e1 jsem si tohle usmyslela, kdy\u017e jsem se poprv\u00e9 st\u011bhovala od rodi\u010d\u016f, proto\u017ee jsem se st\u011bhovala do Prahy. Kdy\u017e jsem \u0161la studovat vysokou \u0161kolu. Mo\u017en\u00e1 mnoho lid\u00ed si \u0159\u00edkalo, pro\u010d jsem ne\u0161la bydlet na kolej, ale j\u00e1 jsem si na\u0161la partnera, se kter\u00fdm [&hellip;]","datePublished":"2023-09-26","dateModified":"2023-09-26","author":{"@type":"Person","@id":"https:\/\/www.knupp.cz\/author\/#Person","name":"","url":"https:\/\/www.knupp.cz\/author\/","identifier":1,"image":{"@type":"ImageObject","@id":"https:\/\/secure.gravatar.com\/avatar\/82449f5dd313bdc88befc1a2d3138ce45c5e7d5eeee84221e3cf7fbc184b80d3?s=96&d=mm&r=g","url":"https:\/\/secure.gravatar.com\/avatar\/82449f5dd313bdc88befc1a2d3138ce45c5e7d5eeee84221e3cf7fbc184b80d3?s=96&d=mm&r=g","height":96,"width":96}},"publisher":{"@type":"Organization","name":"knupp.cz","logo":{"@type":"ImageObject","@id":"\/logo.png","url":"\/logo.png","width":600,"height":60}},"image":{"@type":"ImageObject","@id":"https:\/\/www.knupp.cz\/wp-content\/uploads\/living-room-581073_1280_1.jpg","url":"https:\/\/www.knupp.cz\/wp-content\/uploads\/living-room-581073_1280_1.jpg","height":0,"width":0},"url":"https:\/\/www.knupp.cz\/styl-interieru\/","about":["Neza\u0159azen\u00e9"],"wordCount":392,"articleBody":"   Tak\u00e9 jste u\u017e n\u011bkdy p\u0159em\u00fd\u0161leli, \u017ee abyste si nechali p\u0159ed\u011blat va\u0161e obydl\u00ed? J\u00e1 jsem si tohle usmyslela, kdy\u017e jsem se poprv\u00e9 st\u011bhovala od rodi\u010d\u016f, proto\u017ee jsem se st\u011bhovala do Prahy. Kdy\u017e jsem \u0161la studovat vysokou \u0161kolu. Mo\u017en\u00e1 mnoho lid\u00ed si \u0159\u00edkalo, pro\u010d jsem ne\u0161la bydlet na kolej, ale j\u00e1 jsem si na\u0161la partnera, se kter\u00fdm jsem chodila u\u017e p\u016fl roku. A oba dva jsme se dohodli, \u017ee si vezmeme n\u011bjakou malou garsonku anebo byt dva plus jedna v Praze, \u017ee pr\u00fd kdy\u017e tam budeme bydlet oba dva, \u017ee bude nejlep\u0161\u00ed, kdy\u017e budeme bydlet spolu a budeme se pod\u00edlet o n\u00e1klady na bydlen\u00ed dohromady, bude to lep\u0161\u00ed ne\u017e b\u00fdt n\u011bkde na koleji. S partnerem jsme stejn\u011b pl\u00e1novali tak\u00e9 svatbu, a\u017e dostudujeme vysokou \u0161kolu. Tak\u017ee u\u017e nebylo od v\u011bci, abychom si tak\u00e9 sehnali na\u0161e vlastn\u00ed bydlen\u00ed, jenom\u017ee j\u00e1 se p\u0159izn\u00e1m, \u017ee nem\u00e1m v\u016fbec \u017e\u00e1dn\u00fd vkus pro m\u00f3du a tak\u00e9 dekorace. A m\u016fj partner mi \u0159ekl, \u017ee tohle v\u0161echno nech\u00e1 na mn\u011b, \u017ee v\u016fbec za\u0159izovat na\u0161ich garsonku anebo byt nebude. Tak\u017ee jsem si \u0159ekla, \u017ee bych vyu\u017eila t\u0159eba slu\u017eeb n\u011bjak\u00e9ho bytov\u00e9ho design\u00e9ra. Mus\u00edm \u0159\u00edct, \u017ee jsem musela hledala opravdu hodn\u011b dlouho na internetu, ne\u017e jsem na\u0161la opravdu dokonal\u00e9ho bytov\u00e9ho design\u00e9ra z Prahy.A jsem r\u00e1da, \u017ee bydl\u00edme s partnerem v Praze, \u017ee jsme si tady na\u0161li mal\u00fd byt, proto\u017ee jsem se dozv\u011bd\u011bla, \u017ee je tady opravdu plno kvalitn\u00edch bytov\u00fdch design\u00e9r\u016f z Prahy. Ze za\u010d\u00e1tku jsem hledala hlavn\u011b ty nejlevn\u011bj\u0161\u00ed, jenom\u017ee kdy\u017e jsem se dozv\u011bd\u011bla, \u017ee je mnoho r\u016fzn\u00fdch bytov\u00fdch architekt\u016f a bytov\u00fdch design\u00e9r\u016f z Prahy. A ceny nejsou nikterak vysok\u00e9 a jsou opravdu levn\u00e9, tak jsem si \u0159ekla, pro\u010d toho nevyu\u017e\u00edt? Nakonec to dopadlo tak, \u017ee bytov\u00fd design\u00e9r z Prahy byl opravdu perfektn\u00ed a j\u00e1 jsem byla r\u00e1da, \u017ee jsem tyto slu\u017eby vyu\u017eila. Dokonce i m\u016fj partner byl r\u00e1d, \u017ee bytov\u00fd design\u00e9r z Prahy n\u00e1m opravdu kr\u00e1sn\u011b navrhnul na\u0161e bydlen\u00ed a opravdu je to velice \u00fatuln\u00e9.                                                                                                                                                                                                                                                                                                                                                                                           4.4\/5 - (9 votes)        "},{"@context":"https:\/\/schema.org\/","@type":"BreadcrumbList","itemListElement":[{"@type":"ListItem","position":1,"name":"Styl interi\u00e9ru","item":"https:\/\/www.knupp.cz\/styl-interieru\/#breadcrumbitem"}]}]